{"id":2471,"date":"2014-08-14T09:45:25","date_gmt":"2014-08-14T09:45:25","guid":{"rendered":"http:\/\/danubeartfest.org\/srb\/?p=2471"},"modified":"2014-08-22T20:18:24","modified_gmt":"2014-08-22T20:18:24","slug":"235-km100-godina-srpski-i-austrijski-umetnici-danas","status":"publish","type":"post","link":"http:\/\/danubeartfest.org\/srb\/235-km100-godina-srpski-i-austrijski-umetnici-danas\/","title":{"rendered":"235 km\/100 godina- srpski i austrijski umetnici danas"},"content":{"rendered":"<p>U Galeriji savremene umetnosti u Zrenjaninu otvorena je izlo\u017eba 235 km\/100 godina- srpski i austrijski umetnici danas, prva izlo\u017eba u okviru festivala savremene umetnosti podunavskih zemalja Dunavski dijalozi 2014. Naziv izlo\u017ebe referi\u0161e na istoriju, ta\u010dnije period od 1914. do 2014. godine. Zajedni\u010dka istorija u delima umetnika obra\u0111uje se kao deo kolektivne memorije Srbije i Austrije, u kontrastu sa ili suo\u010davaju\u0107i se sa sada\u0161njicom. \u010cinjenica je da su geografski dve zemlje veoma blizu, samo 235 km od jedne granice do druge granice. Kustoskinje izlo\u017ebe su Gerlinde Tuma, Kornelija Konig i Sun\u010dica Lambi\u0107 Fenj\u010dev. Otvaranju je prisustvovao direktor Austrijskog kulturnog foruma u Beogradu Nikolas Keler i umetnici iz Austrije Gerlinde Tuma, Andreas Dvorak, Kornelija Konig, Roza Rodelijus, Kurt \u0160pitaler, Rut Brauner. Saradnja se nastavlja u septembru mesecu izlo\u017ebama srpskih umetnika u Badenu i Modlingu.<\/p>\n<div class=\"et_pb_slider et_pb_slider_fullwidth_off et_pb_gallery_post_type\">\n\t\t\t\t<div class=\"et_pb_slides\">\n\t\t\t\t\t<div class=\"et_pb_slide\" style=\"background: url(http:\/\/danubeartfest.org\/srb\/wp-content\/uploads\/IMG_60751.jpg);\"><\/div><div class=\"et_pb_slide\" style=\"background: url(http:\/\/danubeartfest.org\/srb\/wp-content\/uploads\/IMG_6080.jpg);\"><\/div><div class=\"et_pb_slide\" style=\"background: url(http:\/\/danubeartfest.org\/srb\/wp-content\/uploads\/IMG_6092.jpg);\"><\/div><div class=\"et_pb_slide\" style=\"background: url(http:\/\/danubeartfest.org\/srb\/wp-content\/uploads\/IMG_6096.jpg);\"><\/div><div class=\"et_pb_slide\" style=\"background: url(http:\/\/danubeartfest.org\/srb\/wp-content\/uploads\/IMG_6101.jpg);\"><\/div><div class=\"et_pb_slide\" style=\"background: url(http:\/\/danubeartfest.org\/srb\/wp-content\/uploads\/IMG_6103.jpg);\"><\/div><div class=\"et_pb_slide\" style=\"background: url(http:\/\/danubeartfest.org\/srb\/wp-content\/uploads\/IMG_6105.jpg);\"><\/div><div class=\"et_pb_slide\" style=\"background: url(http:\/\/danubeartfest.org\/srb\/wp-content\/uploads\/IMG_6111.jpg);\"><\/div><div class=\"et_pb_slide\" style=\"background: url(http:\/\/danubeartfest.org\/srb\/wp-content\/uploads\/IMG_6115.jpg);\"><\/div><div class=\"et_pb_slide\" style=\"background: url(http:\/\/danubeartfest.org\/srb\/wp-content\/uploads\/IMG_6123.jpg);\"><\/div><div class=\"et_pb_slide\" style=\"background: url(http:\/\/danubeartfest.org\/srb\/wp-content\/uploads\/IMG_6158.jpg);\"><\/div><div class=\"et_pb_slide\" style=\"background: url(http:\/\/danubeartfest.org\/srb\/wp-content\/uploads\/IMG_6173.jpg);\"><\/div>\n\t\t\t\t<\/div>\n\t\t\t<\/div>\n<p>&nbsp;<\/p>\n","protected":false},"excerpt":{"rendered":"<p>U Galeriji savremene umetnosti u Zrenjaninu otvorena je izlo\u017eba 235 km\/100 godina- srpski i austrijski umetnici danas, prva izlo\u017eba u okviru festivala savremene umetnosti podunavskih zemalja Dunavski dijalozi 2014. Naziv izlo\u017ebe referi\u0161e na istoriju, ta\u010dnije period od 1914. do 2014. godine. Zajedni\u010dka istorija u delima umetnika obra\u0111uje se kao deo kolektivne memorije Srbije i Austrije, [&hellip;]<\/p>\n","protected":false},"author":2,"featured_media":2473,"comment_status":"open","ping_status":"open","sticky":false,"template":"","format":"standard","meta":{"_et_pb_use_builder":"","_et_pb_old_content":"","_et_gb_content_width":"","footnotes":""},"categories":[11],"tags":[],"class_list":["post-2471","post","type-post","status-publish","format-standard","has-post-thumbnail","hentry","category-festival-2014"],"_links":{"self":[{"href":"http:\/\/danubeartfest.org\/srb\/wp-json\/wp\/v2\/posts\/2471","targetHints":{"allow":["GET"]}}],"collection":[{"href":"http:\/\/danubeartfest.org\/srb\/wp-json\/wp\/v2\/posts"}],"about":[{"href":"http:\/\/danubeartfest.org\/srb\/wp-json\/wp\/v2\/types\/post"}],"author":[{"embeddable":true,"href":"http:\/\/danubeartfest.org\/srb\/wp-json\/wp\/v2\/users\/2"}],"replies":[{"embeddable":true,"href":"http:\/\/danubeartfest.org\/srb\/wp-json\/wp\/v2\/comments?post=2471"}],"version-history":[{"count":0,"href":"http:\/\/danubeartfest.org\/srb\/wp-json\/wp\/v2\/posts\/2471\/revisions"}],"wp:featuredmedia":[{"embeddable":true,"href":"http:\/\/danubeartfest.org\/srb\/wp-json\/wp\/v2\/media\/2473"}],"wp:attachment":[{"href":"http:\/\/danubeartfest.org\/srb\/wp-json\/wp\/v2\/media?parent=2471"}],"wp:term":[{"taxonomy":"category","embeddable":true,"href":"http:\/\/danubeartfest.org\/srb\/wp-json\/wp\/v2\/categories?post=2471"},{"taxonomy":"post_tag","embeddable":true,"href":"http:\/\/danubeartfest.org\/srb\/wp-json\/wp\/v2\/tags?post=2471"}],"curies":[{"name":"wp","href":"https:\/\/api.w.org\/{rel}","templated":true}]}}