{"id":3966,"date":"2017-12-13T13:21:03","date_gmt":"2017-12-13T13:21:03","guid":{"rendered":"http:\/\/danubeartfest.org\/srb\/?p=3966"},"modified":"2017-12-19T13:32:20","modified_gmt":"2017-12-19T13:32:20","slug":"umetnicke-zastave-price-umetnika","status":"publish","type":"post","link":"http:\/\/danubeartfest.org\/srb\/umetnicke-zastave-price-umetnika\/","title":{"rendered":"UMETNI\u010cKE ZASTAVE \u2013 PRI\u010cE UMETNIKA"},"content":{"rendered":"<p>Na internacionalnoj izlo\u017ebi zastava \u201eMigracija \u2013 estetika promene\u201c, u\u010destvuje 46 umetnika iz 9 evropskih dr\u017eava (Austrija (18), Bugarska (3), Hrvatska (2), Nema\u010dka (8), Ma\u0111arska (1), Rumunija (5), Slova\u010dka (1), Srbija (7) i Ukrajina (1)). Neki od umetnika su svoju li\u010dnu likovnu poetiku poku\u0161ali da sa\u017emu u simbole pod kojima se mo\u017ee prepoznati njihov ukupan rad, dok su drugi o zastavama razmi\u0161ljali u dru\u0161tvenom kontekstu, ali pored toga, za sve njih izrada zastava bila je dvostruki izazov. Sa jedne strane sama zadata tema pozivala je na duboko promi\u0161ljanje i refleksiju najintimnijih stavova prema svetu i dana\u0161njem dru\u0161tvu, dok je sa druge forma izra\u017eavanja kroz zastavu za mnoge bio susret sa ne\u010dim sasvim novim u dosada\u0161njem radu, jer delo koje se javno vije iznad glava uli\u010dnih prolaznika, zapravo predstavlja sasvim li\u010dni izraz i stav svakog autora kao pojedinca.<\/p>\n<p>Pitali smo neke od u\u010desnika izlo\u017ebe da nam otkriju pri\u010de koje stoje iza zastava koje su napravili&#8230;<\/p>\n<div class=\"et_pb_slider et_pb_slider_fullwidth_off et_pb_gallery_post_type\">\n\t\t\t\t<div class=\"et_pb_slides\">\n\t\t\t\t\t<div class=\"et_pb_slide\" style=\"background: url(http:\/\/danubeartfest.org\/srb\/wp-content\/uploads\/004.jpg);\"><\/div><div class=\"et_pb_slide\" style=\"background: url(http:\/\/danubeartfest.org\/srb\/wp-content\/uploads\/20173.jpg);\"><\/div><div class=\"et_pb_slide\" style=\"background: url(http:\/\/danubeartfest.org\/srb\/wp-content\/uploads\/20171.jpg);\"><\/div><div class=\"et_pb_slide\" style=\"background: url(http:\/\/danubeartfest.org\/srb\/wp-content\/uploads\/BULGARIA-Atanas-Totlyakov.jpg);\"><\/div><div class=\"et_pb_slide\" style=\"background: url(http:\/\/danubeartfest.org\/srb\/wp-content\/uploads\/HUNGARY-Andrea-Ruttka.jpg);\"><\/div><div class=\"et_pb_slide\" style=\"background: url(http:\/\/danubeartfest.org\/srb\/wp-content\/uploads\/Kiril-Cholakov.jpg);\"><\/div>\n\t\t\t\t<\/div>\n\t\t\t<\/div>\n<p>&nbsp;<\/p>\n<p><strong>Andreas Dworak and Klaus Sinowatz, Austrija<\/strong><a href=\"http:\/\/danubeartfest.org\/srb\/wp-content\/uploads\/Andreas-Dworak-and-Klaus-Sinowatz.jpg\"><img loading=\"lazy\" decoding=\"async\" class=\"wp-image-3969 alignright\" src=\"http:\/\/danubeartfest.org\/srb\/wp-content\/uploads\/Andreas-Dworak-and-Klaus-Sinowatz-146x300.jpg\" alt=\"\" width=\"121\" height=\"249\" srcset=\"http:\/\/danubeartfest.org\/srb\/wp-content\/uploads\/Andreas-Dworak-and-Klaus-Sinowatz-146x300.jpg 146w, http:\/\/danubeartfest.org\/srb\/wp-content\/uploads\/Andreas-Dworak-and-Klaus-Sinowatz.jpg 312w\" sizes=\"(max-width: 121px) 100vw, 121px\" \/><\/a><br \/>\nU na\u0161em zajedni\u010dkom radu \u201eKrvava zastava nacije\u201c \u017eeleli smo da u\u010dinimo vidljivim mrlje od krvi sa dr\u017eavnih zastava. Na primer, za austrijsku zastavu postoji legenda o austrijskom grofu Leopoldu V, koji je navodno u bitci kod opsade Akra nosio belu tuniku, koja se natopila krvlju muslimana nakon njegove pobede tokom tre\u0107eg krsta\u0161kog pohoda (1189 \u2013 1191). Jedino mesto na tunici, koje je ostalo belo, bilo je ispod njegovog opasa\u010da. Ovoj legendi i danas u\u010de decu u \u0161kolama, iako je istorijski neproverena i najverovatnije pogre\u0161na. Sa druge strane, sve dr\u017eavne zastave simboli\u0161u kako ujedinjavanje, tako i proterivanje; pripadanje ili neprihvatanje. Migracija je uvek pretnja sistemu. I u pro\u0161losti i danas ove neodvojive suprotnosti su povezane sa nasiljem i odbacivanjem. To je na na\u0161em radu predstavljeno simboli\u010dnim flekama krvi.<\/p>\n<p>&nbsp;<\/p>\n<p>&nbsp;<\/p>\n<p>&nbsp;<\/p>\n<p><a href=\"http:\/\/danubeartfest.org\/srb\/wp-content\/uploads\/jadranka-protic.jpg\"><img loading=\"lazy\" decoding=\"async\" class=\"wp-image-3974 alignright\" src=\"http:\/\/danubeartfest.org\/srb\/wp-content\/uploads\/jadranka-protic-153x300.jpg\" alt=\"\" width=\"117\" height=\"229\" srcset=\"http:\/\/danubeartfest.org\/srb\/wp-content\/uploads\/jadranka-protic-153x300.jpg 153w, http:\/\/danubeartfest.org\/srb\/wp-content\/uploads\/jadranka-protic-768x1510.jpg 768w, http:\/\/danubeartfest.org\/srb\/wp-content\/uploads\/jadranka-protic-521x1024.jpg 521w, http:\/\/danubeartfest.org\/srb\/wp-content\/uploads\/jadranka-protic.jpg 866w\" sizes=\"(max-width: 117px) 100vw, 117px\" \/><\/a><strong>Jadranka Proti\u0107, Austrija \/ Srbija<\/strong><br \/>\nU svom radu sam posvetila pa\u017enju znamenitim \u017eenama koje su \u017eivele u Be\u010du, a danas su potpuno zaboravljene. Me\u0111u njima moju pa\u017enju posebno je zaokupila knji\u017eevnica Paula Preradovi\u0107, koja je napisala re\u010di austrijske himne. Izradila sam dve zastave u austrijskim nacionalnim bojama, gde pruge sa\u010dinjavaju slova ispisana crvenom bojom. Tekst himne pisan je na jezicima brojnih manjina koje \u017eive u Austriji, pa i na srpskom. Ove dve zastave po\u010detak su serije od dvanaest zastava na kojima \u0107e sa svakom slede\u0107om, slova postajati sve ble\u0111a i iz crvene prelaziti u sivu boju, predstavljaju\u0107i jezike svih tih naroda koji se vremenom sve vi\u0161e me\u0111usobno me\u0161aju, dok re\u010di himne gube svoje zna\u010denje. (+ FOTO)<\/p>\n<p>&nbsp;<\/p>\n<p>&nbsp;<\/p>\n<p>&nbsp;<\/p>\n<p><strong><a href=\"http:\/\/danubeartfest.org\/srb\/wp-content\/uploads\/Horwath-flag1.jpg\"><img loading=\"lazy\" decoding=\"async\" class=\" wp-image-4027 alignright\" src=\"http:\/\/danubeartfest.org\/srb\/wp-content\/uploads\/Horwath-flag1-141x300.jpg\" alt=\"\" width=\"118\" height=\"251\" srcset=\"http:\/\/danubeartfest.org\/srb\/wp-content\/uploads\/Horwath-flag1-141x300.jpg 141w, http:\/\/danubeartfest.org\/srb\/wp-content\/uploads\/Horwath-flag1.jpg 375w\" sizes=\"(max-width: 118px) 100vw, 118px\" \/><\/a>Wolfgang Horwath, Austrija<\/strong><br \/>\nIzla\u017eem dve zastave sa temom feudalizma, jer smatram da se dana\u0161nje dru\u0161tvo nije zapravo promenilo jo\u0161 od tog sistema, te da je zapravo samo preuzelo druga\u010diju formu. Iako se ose\u0107amo sigurno, \u017eive\u0107i u demokratiji, zapravo nikada nismo prevazi\u0161li feudalni sistem, a to je i pri\u010da koja se nalazi iza zastave \u201eKapitalni feudalizam\u201c. Druga zastava nosi naziv \u201eRevolt\u201c i predstavlja poziv svima da iskoriste svoja demokratska i ljudska prava kako bi se suprotstavili feudalnim sistemima.<\/p>\n<p>&nbsp;<\/p>\n<p>&nbsp;<\/p>\n<p>&nbsp;<\/p>\n<p>&nbsp;<\/p>\n<p><img loading=\"lazy\" decoding=\"async\" class=\"wp-image-3971 alignright\" src=\"http:\/\/danubeartfest.org\/srb\/wp-content\/uploads\/Georg-Vinokic-140x300.jpg\" alt=\"\" width=\"119\" height=\"255\" srcset=\"http:\/\/danubeartfest.org\/srb\/wp-content\/uploads\/Georg-Vinokic-140x300.jpg 140w, http:\/\/danubeartfest.org\/srb\/wp-content\/uploads\/Georg-Vinokic.jpg 422w\" sizes=\"(max-width: 119px) 100vw, 119px\" \/><\/p>\n<p><strong>Georg Vinoki\u0107, Austrija \/ Srbija<\/strong><br \/>\nKroz grafi\u010dki prikaz saobra\u0107ajnog znaka koji predstavlja slepu ulicu, \u017eeleo sam da uka\u017eem na manipulaciju istinom od strane velikih sila, \u0161to smatram uzrokom\u00a0sukoba i ratova koji se vode svakodnevno u \u010ditavom svetu. Severnoafri\u010dko prole\u0107e i navodno ru\u0161enje diktatura u Libiji, Tunisu, Egiptu, pa i u Ukrajini, podsetilo me je i na raspad sopstvene dr\u017eave u kojoj sam ro\u0111en. Znak za slepu ulicu sastavljen je od tri boje od kojih se sastoje i zastave velikih svetskih sila, zemalja odgovornih za promene sistema u svim tim dr\u017eavama. Sa druge strane, sam znak asocira me na \u010deki\u0107, \u010diji bat sam ovom prilikom malo iskrivio i uve\u0107ao kako bih naglasio kobnu i nei\u017ebe\u017enu vezu izme\u0111u svakog nediplomatskog oru\u0111a, agresije i la\u017ei sa bezizlaznom situacijom, u koju na taj na\u010din dolaze, ne samo pojedinci ve\u0107 i \u010ditavi narodi.<\/p>\n","protected":false},"excerpt":{"rendered":"<p>Na internacionalnoj izlo\u017ebi zastava \u201eMigracija \u2013 estetika promene\u201c, u\u010destvuje 46 umetnika iz 9 evropskih dr\u017eava (Austrija (18), Bugarska (3), Hrvatska (2), Nema\u010dka (8), Ma\u0111arska (1), Rumunija (5), Slova\u010dka (1), Srbija (7) i Ukrajina (1)). Neki od umetnika su svoju li\u010dnu likovnu poetiku poku\u0161ali da sa\u017emu u simbole pod kojima se mo\u017ee prepoznati njihov ukupan rad, [&hellip;]<\/p>\n","protected":false},"author":5,"featured_media":3968,"comment_status":"closed","ping_status":"open","sticky":false,"template":"","format":"standard","meta":{"_et_pb_use_builder":"","_et_pb_old_content":"","_et_gb_content_width":"","footnotes":""},"categories":[31,26],"tags":[],"class_list":["post-3966","post","type-post","status-publish","format-standard","has-post-thumbnail","hentry","category-festival-2017","category-newsletter"],"_links":{"self":[{"href":"http:\/\/danubeartfest.org\/srb\/wp-json\/wp\/v2\/posts\/3966","targetHints":{"allow":["GET"]}}],"collection":[{"href":"http:\/\/danubeartfest.org\/srb\/wp-json\/wp\/v2\/posts"}],"about":[{"href":"http:\/\/danubeartfest.org\/srb\/wp-json\/wp\/v2\/types\/post"}],"author":[{"embeddable":true,"href":"http:\/\/danubeartfest.org\/srb\/wp-json\/wp\/v2\/users\/5"}],"replies":[{"embeddable":true,"href":"http:\/\/danubeartfest.org\/srb\/wp-json\/wp\/v2\/comments?post=3966"}],"version-history":[{"count":0,"href":"http:\/\/danubeartfest.org\/srb\/wp-json\/wp\/v2\/posts\/3966\/revisions"}],"wp:featuredmedia":[{"embeddable":true,"href":"http:\/\/danubeartfest.org\/srb\/wp-json\/wp\/v2\/media\/3968"}],"wp:attachment":[{"href":"http:\/\/danubeartfest.org\/srb\/wp-json\/wp\/v2\/media?parent=3966"}],"wp:term":[{"taxonomy":"category","embeddable":true,"href":"http:\/\/danubeartfest.org\/srb\/wp-json\/wp\/v2\/categories?post=3966"},{"taxonomy":"post_tag","embeddable":true,"href":"http:\/\/danubeartfest.org\/srb\/wp-json\/wp\/v2\/tags?post=3966"}],"curies":[{"name":"wp","href":"https:\/\/api.w.org\/{rel}","templated":true}]}}