{"id":3993,"date":"2017-12-13T13:45:46","date_gmt":"2017-12-13T13:45:46","guid":{"rendered":"http:\/\/danubeartfest.org\/srb\/?p=3993"},"modified":"2017-12-19T13:23:48","modified_gmt":"2017-12-19T13:23:48","slug":"dejan-sluga-fotografija-u-modernom-digitalnom-prostoru","status":"publish","type":"post","link":"http:\/\/danubeartfest.org\/srb\/dejan-sluga-fotografija-u-modernom-digitalnom-prostoru\/","title":{"rendered":"DEJAN SLUGA \/ Fotografija u modernom digitalnom prostoru"},"content":{"rendered":"<p><strong>Centralnu izlo\u017ebu Dunavskih dijaloga \u010dinila je postavka fotografija po izboru Dejana Sluge pod nazivom ZIPPED WORLDS &#8211; ESTETIKA INTIMNOG<\/strong><strong>. O problematici sukoba privatnog i javnog koje prouzrokuju savremeni na\u010din \u017eivota, novi mediji i novi pogledi na svet, a kojom se bavi ova izlo\u017eba postavl\u0458ena tokom proteklog septembra u Galeriji Rajka Mamuzi\u0107a, autor izlo\u017ebe je rekao slede\u0107e:<\/strong><\/p>\n<p>U vremenu mobilnih telefona i digitalnih kamera, insistiramo na svom pravu na privatnost dok istovremeo \u201cokidamo\u201d sve \u0161to vidimo; mi smo najvi\u0161e fotografisana i zabele\u017eena svetska populacija ikada. CCTV sistemi, Google Street View, sigurnost, sateliti i druge kamere prate svaki na\u0161 korak, \u0161to zna\u010di da smo isto tako i vizuelno najvi\u0161e kontrolisana populacija svih vremena. Sa jedne strane, tu je na\u0161a \u017eelja da uhvatimo vizuelne fragmente svakodnevnog \u017eivota, a sa druge, video nadzor sve vi\u0161e raste. Ovi trendovi su, u su\u0161tini, kontradiktorni i paradoksalni. Stoga, fotografija u javnoj sferi postaje ekstremno sporna oblast u kojoj kolektivni strahovi od terorizma, pedofilije, uzurpiranja privatnosti, kontrole, itd. te\u017ee zajedni\u010dkom rezultatu. Ovo tako\u0111e postavlja I pravna pitanja, naro\u010dito u pogledu ograni\u010denja upotrebe fotografije na javnim mestima. Sa jedne strane, o\u010duvanje li\u010dne privatnosti na javnim mestima nije pravno regulisano, sa izuzetkom za\u0161tite de\u010dije privatnosti (fotografisanje dece na javnim mestima smatra se oblikom pedofilije!). Sa druge strane, izgubili smo \u201cfotografsku nevinost; kada god uzmemo kameru, tu je neko ko se ose\u0107a upla\u0161eno, \u0161to je oblik paranoje u periodu dominacije nadzorne tehnologije. \u00a0Tako, fotografisanje u javnosti tako\u0111e zna\u010di pretpostavku o dru\u0161tvenoj odgovornosti, posebno u svetlu rastu\u0107ih kontadiktornih \u017eelja da se, sa jedne strane zabele\u017ei sve, a za\u0161titi privatnost sa druge.<\/p>\n<p>Internet i digitalizacija su otvorili nove mogu\u0107nosti za nove prakse fotografije kao javne umetnosti i obezbedili su \u0161irok spektar novih mogu\u0107nosti kao i nove percepcije fotografije u javnoj sferi. Mo\u017eemo svedo\u010diti velikom broju novih portala I dru\u0161tvenih mre\u017ea koje slu\u017ee prezentaciji i deljenju fotografija \u2013 danas, milioni amatera se bave fotografijom kao javnom umetno\u0161\u0107u \u0161to omogu\u0107ava Facebook, Instagram, Flick&#8230; Fotografska slika se savr\u0161eno \u201cslepila\u201d sa novim kompjuterski potpomognutim tehnologijama, \u0161to omogu\u0107uje jo\u0161 \u0161iri opseg mogu\u0107mosti za javnu interakciju. Digitalne slike ne samo da su zapalile \u201ceksploziju estetskih mogu\u0107nosti\u201d, ve\u0107 su tako\u0111e redefinisale na\u0161u percepciju i pojam o tome \u0161ta je zapravo javni prostor. \u00a0Nove tehnologije omogu\u0107avaju fotografima da se bave projektima razli\u010ditih zajednica i olak\u0161ava del\u0458enje slika i informacija direktno sa cil\u0458nim grupama. Samostalno foto-novinarstvo postaje priznata profesija; cirkulacija i distribucija dnevnih novina i tabloida koji objavl\u0458uju fotografije anonimnih l\u0458udi su u porastu.<\/p>\n<p>Me\u0111utim; ne dele svi pozitivan stav o aktuelnim procesima, ali ih smatraju sl\u0458ede\u0107om fazom kulturne komodifikacije koja je doneta naprednom digitalnom kulturom. Neki doga\u0111aji \u010dine da se \u010dak zapitamo da li se pribli\u017eavamo demokratskoj budu\u0107nosti, ili mra\u010dnijem &#8220;Orvelovskom&#8221; dobu&#8230;<\/p>\n<p>&nbsp;<\/p>\n<div class=\"et_pb_slider et_pb_slider_fullwidth_off et_pb_gallery_post_type\">\n\t\t\t\t<div class=\"et_pb_slides\">\n\t\t\t\t\t<div class=\"et_pb_slide\" style=\"background: url(http:\/\/danubeartfest.org\/srb\/wp-content\/uploads\/20175.jpg);\"><\/div><div class=\"et_pb_slide\" style=\"background: url(http:\/\/danubeartfest.org\/srb\/wp-content\/uploads\/20176.jpg);\"><\/div><div class=\"et_pb_slide\" style=\"background: url(http:\/\/danubeartfest.org\/srb\/wp-content\/uploads\/AMF_0217_1.jpg);\"><\/div><div class=\"et_pb_slide\" style=\"background: url(http:\/\/danubeartfest.org\/srb\/wp-content\/uploads\/AMF_0221_1.jpg);\"><\/div><div class=\"et_pb_slide\" style=\"background: url(http:\/\/danubeartfest.org\/srb\/wp-content\/uploads\/AMF_0226_1.jpg);\"><\/div><div class=\"et_pb_slide\" style=\"background: url(http:\/\/danubeartfest.org\/srb\/wp-content\/uploads\/AMF_0228_1.jpg);\"><\/div><div class=\"et_pb_slide\" style=\"background: url(http:\/\/danubeartfest.org\/srb\/wp-content\/uploads\/AMF_0235_1.jpg);\"><\/div><div class=\"et_pb_slide\" style=\"background: url(http:\/\/danubeartfest.org\/srb\/wp-content\/uploads\/AMF_0240_1.jpg);\"><\/div><div class=\"et_pb_slide\" style=\"background: url(http:\/\/danubeartfest.org\/srb\/wp-content\/uploads\/AMF_0250_1.jpg);\"><\/div>\n\t\t\t\t<\/div>\n\t\t\t<\/div>\n","protected":false},"excerpt":{"rendered":"<p>Centralnu izlo\u017ebu Dunavskih dijaloga \u010dinila je postavka fotografija po izboru Dejana Sluge pod nazivom ZIPPED WORLDS &#8211; ESTETIKA INTIMNOG. O problematici sukoba privatnog i javnog koje prouzrokuju savremeni na\u010din \u017eivota, novi mediji i novi pogledi na svet, a kojom se bavi ova izlo\u017eba postavl\u0458ena tokom proteklog septembra u Galeriji Rajka Mamuzi\u0107a, autor izlo\u017ebe je rekao [&hellip;]<\/p>\n","protected":false},"author":5,"featured_media":3998,"comment_status":"closed","ping_status":"open","sticky":false,"template":"","format":"standard","meta":{"_et_pb_use_builder":"","_et_pb_old_content":"","_et_gb_content_width":"","footnotes":""},"categories":[31,26],"tags":[],"class_list":["post-3993","post","type-post","status-publish","format-standard","has-post-thumbnail","hentry","category-festival-2017","category-newsletter"],"_links":{"self":[{"href":"http:\/\/danubeartfest.org\/srb\/wp-json\/wp\/v2\/posts\/3993","targetHints":{"allow":["GET"]}}],"collection":[{"href":"http:\/\/danubeartfest.org\/srb\/wp-json\/wp\/v2\/posts"}],"about":[{"href":"http:\/\/danubeartfest.org\/srb\/wp-json\/wp\/v2\/types\/post"}],"author":[{"embeddable":true,"href":"http:\/\/danubeartfest.org\/srb\/wp-json\/wp\/v2\/users\/5"}],"replies":[{"embeddable":true,"href":"http:\/\/danubeartfest.org\/srb\/wp-json\/wp\/v2\/comments?post=3993"}],"version-history":[{"count":0,"href":"http:\/\/danubeartfest.org\/srb\/wp-json\/wp\/v2\/posts\/3993\/revisions"}],"wp:featuredmedia":[{"embeddable":true,"href":"http:\/\/danubeartfest.org\/srb\/wp-json\/wp\/v2\/media\/3998"}],"wp:attachment":[{"href":"http:\/\/danubeartfest.org\/srb\/wp-json\/wp\/v2\/media?parent=3993"}],"wp:term":[{"taxonomy":"category","embeddable":true,"href":"http:\/\/danubeartfest.org\/srb\/wp-json\/wp\/v2\/categories?post=3993"},{"taxonomy":"post_tag","embeddable":true,"href":"http:\/\/danubeartfest.org\/srb\/wp-json\/wp\/v2\/tags?post=3993"}],"curies":[{"name":"wp","href":"https:\/\/api.w.org\/{rel}","templated":true}]}}