{"id":4808,"date":"2020-08-06T17:12:26","date_gmt":"2020-08-06T17:12:26","guid":{"rendered":"http:\/\/danubeartfest.org\/srb\/?p=4808"},"modified":"2021-01-03T11:14:16","modified_gmt":"2021-01-03T11:14:16","slug":"dunavski-dijalozi-2020-predstavljaju-kustosa-amija-baraka","status":"publish","type":"post","link":"http:\/\/danubeartfest.org\/srb\/dunavski-dijalozi-2020-predstavljaju-kustosa-amija-baraka\/","title":{"rendered":"Dunavski dijalozi 2020 predstavljaju kustosa Amija Baraka"},"content":{"rendered":"\n<p>Ami Barak\u00a0je kustos, likovni kriti\u010dar i konsultant za oblast umetnosti. \u017divi u Francuskoj i radi u Parizu. Bio je anga\u017eovan na nekoliko stotina projekata i izlo\u017ebi u Francuskoj i inostranstvu, a tako\u0111e je autor brojnih radova i tekstova za kataloge i publikacije posve\u0107ene savremenoj umetnosti. Me\u0111u njegovim dosada\u0161njim projektima nalaze se slede\u0107i: 61. salon Montru\u017ea (2016), 62. salon Montru\u017ea (2017), 63. salon Montru\u017ea (2018), 64. salon Montru\u017ea (2019),\u00a065. salon Montru\u017ea (2020), <em>Biv\u0161i Istok <\/em>\u2013 <em>Davne i nedavne pri\u010de rumunske avangarde, <\/em>Espace Niemeyer, Pariz (2019),\u00a0Brique <em>\u2013 C\u0103r\u0103mida,<\/em> Kunsthalle, Mulhouse (2019),\u00a0<em>Igranje<\/em> <em>uloga<\/em> \u2013 <em>prepravljanje mitologija, <\/em>Bijenale fotografije<em>,<\/em> Daegu (2018),\u00a0<em>\u0160ta<\/em> <em>slika<\/em> <em>predstavlja<\/em>?, Bijenale savremenih slika <em>Momenta,<\/em> Montreal (2017), <em>\u017divot<\/em> \u2013<em> Uputstvo za upotrebu, <\/em>Art Encounters<em>,<\/em> Bijenale Temi\u0161var (2017), <em>Taryn Simon<\/em>, <em>Pogled unazad<\/em>,<em> maglina koja stvara zvezde i biro za inostranu propagandu<\/em>, Jeu de Paume, Pariz (2015), <em>Mucanje<\/em> <em>\u2013<\/em> Melik Ohanian, Crac, S\u00e8te (2014).<\/p>\n\n\n\n<figure class=\"wp-block-image size-large\"><img loading=\"lazy\" decoding=\"async\" width=\"697\" height=\"868\" src=\"http:\/\/danubeartfest.org\/srb\/wp-content\/uploads\/Ami-Barak-fotka-uz-intervju-ENGL.jpg\" alt=\"\" class=\"wp-image-4809\" srcset=\"http:\/\/danubeartfest.org\/srb\/wp-content\/uploads\/Ami-Barak-fotka-uz-intervju-ENGL.jpg 697w, http:\/\/danubeartfest.org\/srb\/wp-content\/uploads\/Ami-Barak-fotka-uz-intervju-ENGL-480x598.jpg 480w\" sizes=\"(min-width: 0px) and (max-width: 480px) 480px, (min-width: 481px) 697px, 100vw\" \/><figcaption>Ami Barak<br>Fotografija: Iz arhive kustosa<\/figcaption><\/figure>\n\n\n\n<p><em>Gospodine Barak<\/em><em>,<\/em><em> <\/em><em>mo\u017eete li nam pojasniti va\u0161 kustoski koncept na kome po\u010diva izlo\u017eba pod nazivom<\/em><em> <\/em>\u201e<em>Quo vadis<\/em><em>, h<\/em><em>omo\u201d?<\/em><em>&nbsp;<\/em><em><\/em><\/p>\n\n\n\n<p>Pozvan sam da se priklju\u010dim kustoskom timu centralne izlo\u017ebe<a> <\/a>Festivala <em>Dunavski<\/em> <em>dijalozi<\/em>, \u010diji naziv, po meni veoma inspirativan, parafrazira izvornu re\u010denicu koja se pripisuje apostolu Petru: \u201eQuo vadis, domine?\u201d Odabrani umetnici, pored svoje geografske povezanosti s rekom koja predstavlja na\u0161u matricu, jo\u0161 \u010de\u0161\u0107e sebi postavljaju pitanje koje danas mu\u010di \u010dove\u010danstvo i&nbsp; koje se bavi time kuda idemo i \u0161ta nas sve jo\u0161 \u010deka, kao i time kakve \u0107e biti posledice na\u0161ih dela. Setimo se kako je Isus i\u0161ao u Rim znaju\u0107i da \u0107e biti razapet na krst. Napredak vi\u0161e nije mirna luka, svet je krhak, na rubu civilizacijske promene \u2212 i to je ono \u0161to nas brine. Na\u0161e dru\u0161tvo sve vi\u0161e zavisi od tehnologije, a istovremeno shvata da ta tehnologija vi\u0161e nema nikakvu svrhu. Dugo smo mislili da tehnologija mo\u017ee da nam obezbedi napredak, posebno kada je u pitanju zdravlje. Umetnici nam \u0161alju poruke. Oni nas, na svoj na\u010din, teraju na razmi\u0161ljanje i to bi mogao biti najbolji put za re\u0161avanje na\u0161ih problema.<\/p>\n\n\n\n<p><em>Ima li nekih promena u konceptu izlo\u017ebe izazvanih novonastalom situacijom?<\/em><em><\/em><\/p>\n\n\n\n<p>Ovaj period bi mogao da ima za prosledicu privremeno zatvaranje, ose\u0107aj da smo zaglavljeni u sada\u0161njosti, nesposobni da predvidimo \u0161ta nas \u010deka u budu\u0107nosti. Ovo je krizna situacija. Za mene je to poziv da na drugi na\u010din egzistiramo u sada\u0161njosti. Moramo \u017eiveti i misliti u sada\u0161njosti, brinu\u0107i o tome \u0161to \u0107e do\u0107i, ali s pa\u017enjom usmerenom na ono \u0161to se i dalje de\u0161ava u sada\u0161njosti, na trenutke istine, lepote, ljubavi, \u010dak i ako vi\u0161e ne verujemo u budu\u0107nost.<\/p>\n\n\n\n<p><em>Kako da umetnici ostanu povezani u te\u0161kim vremenima koja nas razdvajaju?<\/em><em><\/em><\/p>\n\n\n\n<p>Svi smo mi elektronski povezani i intenzivno komuniciramo, \u010dak vi\u0161e nego obi\u010dno. &nbsp;Postoji ne\u0161to neopipljivo, me\u0161avina svesnog i nesvesnog, nejasna misao \u010ditavog jednog dru\u0161tva, a danas i \u010ditavog \u010dove\u010danstva. Poslednja stvar danas je \u017eeleti da se to nastavi, ali osnovno je odgovoriti na pitanje \u2018za\u0161to\u2019.<\/p>\n\n\n\n<figure class=\"wp-block-image size-large\"><img loading=\"lazy\" decoding=\"async\" width=\"429\" height=\"615\" src=\"http:\/\/danubeartfest.org\/srb\/wp-content\/uploads\/Uz-Amijev-intervju-2.png\" alt=\"\" class=\"wp-image-4810\" srcset=\"http:\/\/danubeartfest.org\/srb\/wp-content\/uploads\/Uz-Amijev-intervju-2.png 429w, http:\/\/danubeartfest.org\/srb\/wp-content\/uploads\/Uz-Amijev-intervju-2-209x300.png 209w\" sizes=\"(max-width: 429px) 100vw, 429px\" \/><figcaption>Tatjana Daneberg, Zonenbrand, 2019.<br>Fotografija: Iz arhive umetnice<br><\/figcaption><\/figure>\n\n\n\n<figure class=\"wp-block-image size-large\"><img loading=\"lazy\" decoding=\"async\" width=\"360\" height=\"408\" src=\"http:\/\/danubeartfest.org\/srb\/wp-content\/uploads\/Uz-Amijev-intervju.png\" alt=\"\" class=\"wp-image-4811\" srcset=\"http:\/\/danubeartfest.org\/srb\/wp-content\/uploads\/Uz-Amijev-intervju.png 360w, http:\/\/danubeartfest.org\/srb\/wp-content\/uploads\/Uz-Amijev-intervju-265x300.png 265w\" sizes=\"(max-width: 360px) 100vw, 360px\" \/><figcaption>Pu\u0161a Petrov, Pi\u0161\u0107ir, 2020.<br>Fotografija: Iz arhive umetnice<\/figcaption><\/figure>\n","protected":false},"excerpt":{"rendered":"<p>Ami Barak\u00a0je kustos, likovni kriti\u010dar i konsultant za oblast umetnosti. \u017divi u Francuskoj i radi u Parizu. Bio je anga\u017eovan na nekoliko stotina projekata i izlo\u017ebi u Francuskoj i inostranstvu, a tako\u0111e je autor brojnih radova i tekstova za kataloge i publikacije posve\u0107ene savremenoj umetnosti. Me\u0111u njegovim dosada\u0161njim projektima nalaze se slede\u0107i: 61. salon Montru\u017ea [&hellip;]<\/p>\n","protected":false},"author":5,"featured_media":0,"comment_status":"closed","ping_status":"open","sticky":false,"template":"","format":"standard","meta":{"_et_pb_use_builder":"off","_et_pb_old_content":"","_et_gb_content_width":"","footnotes":""},"categories":[36,26],"tags":[],"class_list":["post-4808","post","type-post","status-publish","format-standard","hentry","category-festival-2020","category-newsletter"],"_links":{"self":[{"href":"http:\/\/danubeartfest.org\/srb\/wp-json\/wp\/v2\/posts\/4808","targetHints":{"allow":["GET"]}}],"collection":[{"href":"http:\/\/danubeartfest.org\/srb\/wp-json\/wp\/v2\/posts"}],"about":[{"href":"http:\/\/danubeartfest.org\/srb\/wp-json\/wp\/v2\/types\/post"}],"author":[{"embeddable":true,"href":"http:\/\/danubeartfest.org\/srb\/wp-json\/wp\/v2\/users\/5"}],"replies":[{"embeddable":true,"href":"http:\/\/danubeartfest.org\/srb\/wp-json\/wp\/v2\/comments?post=4808"}],"version-history":[{"count":0,"href":"http:\/\/danubeartfest.org\/srb\/wp-json\/wp\/v2\/posts\/4808\/revisions"}],"wp:attachment":[{"href":"http:\/\/danubeartfest.org\/srb\/wp-json\/wp\/v2\/media?parent=4808"}],"wp:term":[{"taxonomy":"category","embeddable":true,"href":"http:\/\/danubeartfest.org\/srb\/wp-json\/wp\/v2\/categories?post=4808"},{"taxonomy":"post_tag","embeddable":true,"href":"http:\/\/danubeartfest.org\/srb\/wp-json\/wp\/v2\/tags?post=4808"}],"curies":[{"name":"wp","href":"https:\/\/api.w.org\/{rel}","templated":true}]}}