{"id":4814,"date":"2020-08-06T17:10:29","date_gmt":"2020-08-06T17:10:29","guid":{"rendered":"http:\/\/danubeartfest.org\/srb\/?p=4814"},"modified":"2021-01-03T11:14:27","modified_gmt":"2021-01-03T11:14:27","slug":"ana-josipovic-kako-sam-lagala-na-instagramu-%e2%88%92-backstage","status":"publish","type":"post","link":"http:\/\/danubeartfest.org\/srb\/ana-josipovic-kako-sam-lagala-na-instagramu-%e2%88%92-backstage\/","title":{"rendered":"Ana Josipovi\u0107: Kako sam lagala na Instagramu \u2212 backstage"},"content":{"rendered":"\n<p><strong>O IZLO\u017dBI<\/strong>:<\/p>\n\n\n\n<p>\u201eKako sam lagala na Instagramu \u2212 backstage\u201d fotografski je ispri\u010dana dvostruka borba protiv uznapredovanog raka dojke. Jedna pri\u010da odvija se iza o\u010diju javnosti, a druga, virtuelna, ulep\u0161ana slika \u017eivota, potpuno skriva posledice borbe protiv raka, te na prvi pogled daje la\u017enu sliku stvarnosti.<\/p>\n\n\n\n<p>Me\u0111utim, obe pri\u010de izra\u017eavaju intimnu utakmicu \u017eene protiv raka dojke, svih njenih posledica i propratnih promena koje sna\u017eno i primarno napadaju ba\u0161 ono \u0161to vizuelno daje pe\u010dat \u017eenstvenosti.<\/p>\n\n\n\n<p>U ovoj izlo\u017ebi novinarka Ana Josipovi\u0107 prikazuje kako izgleda gubitak kose i grudi te kako se s takvim stanjem nositi u dana\u0161nje vrijeme opsednuto estetikom tela kroz intimno zabele\u017eene foto-pri\u010de: od ro\u0111endana bez kose preko stilizovanog partija do \u201eseksi editorijala\u201d u kojima se susre\u0107e virtuelni i realni prikaz.<\/p>\n\n\n\n<p>Izlo\u017eba je zami\u0161ljena kroz 13 foto-pri\u010da, a iza objektiva foto-aparata je Anina sestra, Slavica Josipovi\u0107. Svaka pri\u010da je, u stvari, foto-instalacija koja zapo\u010dinje ure\u0111enim izgledom za javnost \u2212 fotografijama objavljenim na Instagramu na kojima Ana svoj gubitak kose skriva igraju\u0107i se perikama pa zbog <em>mejkovera<\/em> dobija \u201elajkove\u201d. Tim fotografijama ovaj put pridru\u017euje pri\u010du iz \u201ebekstejd\u017ea\u201d \u2212 gubitak kose, bolni\u010dki krevet, o\u017eiljke nakon operacije.<\/p>\n\n\n\n<p>Misija ovog foto-projekta je da poka\u017ee kako se te\u0161koj \u017eivotnoj situaciji odupreti estetikom, modom i lepotom.<\/p>\n\n\n\n<p>_________<\/p>\n\n\n\n<p>\u201eSaznanje da imam rak dojke nije me prepla\u0161ilo. Rekla bih da me je razljutilo. Bila sam besna na vlastiti \u017eivot. Ne\u010deg sam se, ipak, prestra\u0161ila. Prvo \u0161to sam pitala doktora bilo je: \u201eHo\u0107u li izgubiti kosu?\u201d. Nije me bilo strah \u0161to \u0107u uskoro izgubiti grudi, mo\u017eda umreti, nego to \u0161to bih mogla izgubiti kosu. Moju dugu kosu o kojoj sam bila zavisna. Koju nisam smela skratiti vi\u0161e od 5 cm jer mi je to bilo emotivno prete\u0161ko. Koju sam bri\u017eljivo negovala, \u010duvala od previ\u0161e feniranja i peglanja, koristila najfinije maske i preparate. Nema \u0161anse. Biram umiranje, kosu ne\u0107u izgubiti.<\/p>\n\n\n\n<p>Za manje od dva meseca bila sam bez kose, trepavica, s tetoviranim obrvama, a u moj \u017eivot su u\u0161le perike. Tako je, paralelno s klasi\u010dnom borbom koju, pod kontrolom lekara, prolazim tiho i skriveno od javnosti, zapo\u010dela moja modna utakmica s rakom.<\/p>\n\n\n\n<p>Moj tim \u010dine: Blondie, Cicciolina, Melania Trump, Clementine Kruczynski, Beyonce, Nastassja Kinski, Anna Oxa \u2212 tako sam nazvala perike, a svaka od njih donela je novi karakter u ovu borbu.<\/p>\n\n\n\n<p>S njima sam, mo\u017eda, prevarila Instagram i ostavila utisak kako \u017eivim stilizovani <em>fancy life<\/em>, u kojem toliko \u010desto menjam izgled svoje kose. U stvari sam ulep\u0161ala i tu drugu, \u201erealnu\u201d stranu svog \u017eivota koji me je \u0161amarao i podmuklo mi oduzimao detalje koji su \u017eenama bitni.<\/p>\n\n\n\n<p>Takva jedna <em>stylish<\/em> igra na neki na\u010din mi je pomerila pa\u017enju s \u201eru\u017enog\u201d i istovremeno dala snagu za borbu koja te\u010de iza scene. Pomogla mi je da zadam \u0161ah-mat \u017eivotnoj situaciji koja mi je oduzela kosu, grudi, nokte, \u017eenske hormone i, na neki na\u010din, poku\u0161ala mi ukrasti \u017eenstvenost.<\/p>\n\n\n\n<p>Ovo je moj prkos. \u017denski prkos.<\/p>\n\n\n\n<figure class=\"wp-block-image size-large\"><img loading=\"lazy\" decoding=\"async\" width=\"559\" height=\"1024\" src=\"http:\/\/danubeartfest.org\/srb\/wp-content\/uploads\/Ana-Josipovic-rad-2-559x1024.jpg\" alt=\"\" class=\"wp-image-4817\"\/><figcaption>Ana Josipovi\u0107, Kako sam lagala na Instagramu \u2212 backstage<br><\/figcaption><\/figure>\n\n\n\n<figure class=\"wp-block-image size-large\"><img loading=\"lazy\" decoding=\"async\" width=\"808\" height=\"1024\" src=\"http:\/\/danubeartfest.org\/srb\/wp-content\/uploads\/Ana-Josipovic-rad-3JPG-808x1024.jpg\" alt=\"\" class=\"wp-image-4818\"\/><figcaption>Ana Josipovi\u0107, Kako sam lagala na Instagramu \u2212 backstage<br><\/figcaption><\/figure>\n\n\n\n<figure class=\"wp-block-image size-large\"><img loading=\"lazy\" decoding=\"async\" width=\"819\" height=\"1024\" src=\"http:\/\/danubeartfest.org\/srb\/wp-content\/uploads\/Ana-Josipovic-rad-819x1024.jpg\" alt=\"\" class=\"wp-image-4820\"\/><figcaption>Ana Josipovi\u0107, Kako sam lagala na Instagramu \u2212 backstage<\/figcaption><\/figure>\n\n\n\n<p><strong>GOLI RO\u0110ENDAN<\/strong><\/p>\n\n\n\n<p>Tumor \u201ddojke\u201d dijagnostifikovan mi je ta\u010dno 2 meseca pre ro\u0111endana. I nije bio u po\u010detnoj fazi. Ve\u0107 je metastazirao. Prihvatila sam hemioterapiju i imala sam jednu \u017eelju \u2013 da mi kosa izdr\u017ei do ro\u0111endana.<\/p>\n\n\n\n<p>Da ga ne do\u010dekam posve ogoljena, razoru\u017eana, na kolenima, ru\u017ena, bez kose, bez nade i ostalih \u017eelja.<\/p>\n\n\n\n<p>Otpala je 2 dana pre ro\u0111endana.<\/p>\n\n\n\n<p>Prvu fotku bez kose objavila sam na Instagramu na svoj ro\u0111endan. U jednoj posebnoj haljini. Sa sme\u0111om perikom, jedinoj kojoj nisam dala ime. Samo ona, od svih mojih perika, glumi ba\u0161 mene, kakva sam bila ranije.<\/p>\n\n\n\n<p>Kao da se ni\u0161ta nije dogodilo.<\/p>\n\n\n\n<p>Stanje<\/p>\n\n\n\n<p>Kosa: nula<\/p>\n\n\n\n<p>Trepavice: po 5-6 na svakom oku<\/p>\n\n\n\n<p>Obrve: prore\u0111ene, ali tetovirane<\/p>\n\n\n\n<p>_________________________________<\/p>\n\n\n\n<p><strong>IZVOD IZ BIOGRAFIJE<\/strong>:<\/p>\n\n\n\n<figure class=\"wp-block-image size-large\"><img loading=\"lazy\" decoding=\"async\" width=\"683\" height=\"1024\" src=\"http:\/\/danubeartfest.org\/srb\/wp-content\/uploads\/fotka-Ana-Josipovic-uz-biografiju-683x1024.jpg\" alt=\"\" class=\"wp-image-4816\"\/><figcaption>Ana Josipovi\u0107<br>Foto: Slavica Josipovi\u0107<\/figcaption><\/figure>\n\n\n\n<p>Nekom igrom sudbine dogodilo se da sam dosad na svim pozicijama bila \u201eprva\u201d \u2013 prva urednica mode u magazinima Grazia, GloriaGlam i Gloria. Lansirala sam Cosmopolitan.hr te magazin Stilist.<\/p>\n\n\n\n<p>Poslednjih godina moj ofis su internet i ulica \u2212 sa sestrom Slavicom Josipovi\u0107, tako\u0111e novinarkom, osmi\u0161ljavam i vodim modni portal Style Zagreb koji prati uli\u010dnu modu i govori o kulturi odevanja.<\/p>\n\n\n\n<p>Autorka sam modnih priloga u emisijama Hrvatske televizije. Proteklih desetak godina aktivno sam se bavila humanitarnim radom zbog \u010dega sam neko vreme \u017eivela u Africi i Kambod\u017ei.<\/p>\n","protected":false},"excerpt":{"rendered":"<p>O IZLO\u017dBI: \u201eKako sam lagala na Instagramu \u2212 backstage\u201d fotografski je ispri\u010dana dvostruka borba protiv uznapredovanog raka dojke. Jedna pri\u010da odvija se iza o\u010diju javnosti, a druga, virtuelna, ulep\u0161ana slika \u017eivota, potpuno skriva posledice borbe protiv raka, te na prvi pogled daje la\u017enu sliku stvarnosti. Me\u0111utim, obe pri\u010de izra\u017eavaju intimnu utakmicu \u017eene protiv raka dojke, [&hellip;]<\/p>\n","protected":false},"author":5,"featured_media":0,"comment_status":"closed","ping_status":"open","sticky":false,"template":"","format":"standard","meta":{"_et_pb_use_builder":"off","_et_pb_old_content":"","_et_gb_content_width":"","footnotes":""},"categories":[36,26],"tags":[],"class_list":["post-4814","post","type-post","status-publish","format-standard","hentry","category-festival-2020","category-newsletter"],"_links":{"self":[{"href":"http:\/\/danubeartfest.org\/srb\/wp-json\/wp\/v2\/posts\/4814","targetHints":{"allow":["GET"]}}],"collection":[{"href":"http:\/\/danubeartfest.org\/srb\/wp-json\/wp\/v2\/posts"}],"about":[{"href":"http:\/\/danubeartfest.org\/srb\/wp-json\/wp\/v2\/types\/post"}],"author":[{"embeddable":true,"href":"http:\/\/danubeartfest.org\/srb\/wp-json\/wp\/v2\/users\/5"}],"replies":[{"embeddable":true,"href":"http:\/\/danubeartfest.org\/srb\/wp-json\/wp\/v2\/comments?post=4814"}],"version-history":[{"count":0,"href":"http:\/\/danubeartfest.org\/srb\/wp-json\/wp\/v2\/posts\/4814\/revisions"}],"wp:attachment":[{"href":"http:\/\/danubeartfest.org\/srb\/wp-json\/wp\/v2\/media?parent=4814"}],"wp:term":[{"taxonomy":"category","embeddable":true,"href":"http:\/\/danubeartfest.org\/srb\/wp-json\/wp\/v2\/categories?post=4814"},{"taxonomy":"post_tag","embeddable":true,"href":"http:\/\/danubeartfest.org\/srb\/wp-json\/wp\/v2\/tags?post=4814"}],"curies":[{"name":"wp","href":"https:\/\/api.w.org\/{rel}","templated":true}]}}