{"id":5063,"date":"2021-06-20T11:13:28","date_gmt":"2021-06-20T11:13:28","guid":{"rendered":"http:\/\/danubeartfest.org\/srb\/?p=5063"},"modified":"2021-06-20T11:13:31","modified_gmt":"2021-06-20T11:13:31","slug":"razgovor-sa-umetnikom-vukom-cukom","status":"publish","type":"post","link":"http:\/\/danubeartfest.org\/srb\/razgovor-sa-umetnikom-vukom-cukom\/","title":{"rendered":"Razgovor sa umetnikom Vukom \u0106ukom"},"content":{"rendered":"\n<figure class=\"wp-block-image size-large\"><img loading=\"lazy\" decoding=\"async\" width=\"1024\" height=\"682\" src=\"http:\/\/danubeartfest.org\/srb\/wp-content\/uploads\/Vuk-\u0106uk-Everything-is-going-to-be-all-right-1024x682.jpg\" alt=\"\" class=\"wp-image-5058\" srcset=\"http:\/\/danubeartfest.org\/srb\/wp-content\/uploads\/Vuk-\u0106uk-Everything-is-going-to-be-all-right-1024x682.jpg 1024w, http:\/\/danubeartfest.org\/srb\/wp-content\/uploads\/Vuk-\u0106uk-Everything-is-going-to-be-all-right-300x200.jpg 300w, http:\/\/danubeartfest.org\/srb\/wp-content\/uploads\/Vuk-\u0106uk-Everything-is-going-to-be-all-right-768x511.jpg 768w, http:\/\/danubeartfest.org\/srb\/wp-content\/uploads\/Vuk-\u0106uk-Everything-is-going-to-be-all-right-980x652.jpg 980w, http:\/\/danubeartfest.org\/srb\/wp-content\/uploads\/Vuk-\u0106uk-Everything-is-going-to-be-all-right-480x320.jpg 480w, http:\/\/danubeartfest.org\/srb\/wp-content\/uploads\/Vuk-\u0106uk-Everything-is-going-to-be-all-right.jpg 1080w\" sizes=\"(max-width: 1024px) 100vw, 1024px\" \/><figcaption>Vuk \u0106uk, <em>EVERYTHING IS GOING TO BE ALL RIGHT<\/em><br>Fotografija: Iz arhive Festivala<\/figcaption><\/figure>\n\n\n\n<p><\/p>\n\n\n\n<p><em>Sagovornik Biltena DD je Vuk \u0106uk, beogradski umetnik mla\u0111e generacije, koji je studirao slikarstvo na Fakultetu primenjenih umetnosti u Beogradu i na Univerzitetu primenjenih umetnosti u Be\u010du. U svojoj umetni\u010dkoj karijeri izlagao je na preko 30 grupnih izlo\u017ebi u galerijama i muzejima u Srbiji, Italiji, Austriji, \u010ce\u0161koj, Sloveniji, Danskoj, Nema\u010dkoj, Rusiji, \u041aini i Americi. Samostalno se predstavio u Beogradu, Be\u010du, \u041aopenhagenu i Augustenburgu (Danska). U\u010destvovao je na najpresti\u017enijim sajmovima umetnosti u Evropi (Art Vienna, Art Moscow, Art Copenhagen\u2026), a umetni\u010dka knjiga <\/em>\u201e<em>Endless Editions: Face to Face \u2013 Blind date<\/em>\u201d<em>, na kojoj je u\u010destvovao zajedno sa jo\u0161 10 inostranih umetnika, nalazi se u kolekciji biblioteke Muzeja MoMA u Njujorku. U svom radu bavi se istra\u017eivanjem povezanim sa odnosom \u010doveka prema savremenom na\u010dinu \u017eivljenja, sa akcentom na uticaj razvoja digitalnih medija, tehnologija i komunikacija. Izra\u017eava se preko medija slikarstva, skulpture i digitalne umetnosti <\/em>(<em>VR, animacija<\/em>)<em>.<\/em><\/p>\n\n\n\n<p>DD: <em>Bili ste zapa\u017eeni u\u010desnik pro\u0161logodi\u0161njeg izdanja Festivala Dunavski dijalozi. Kakvi su Va\u0161i utisci sa Festivala<\/em>?<\/p>\n\n\n\n<p>V\u0106: Festival je bio pravo osve\u017eenje s obzirom na okolnosti koje su se desile u vremenu u kome se odr\u017eao i jedan od retkih koji se uop\u0161te dogodio. Pro\u0161le godine smo svi bili onemogu\u0107eni da putujemo i na\u0161i profesionalni i privatni planovi su se menjali i bili neizvesni. Jako mi je prijala interakcija sa umetnicima i kustosima i na trenutke sam imao ose\u0107aj kao da se sve odigrava u vremenu pre pandemije. Uvek sam voleo izlo\u017ebe koje se de\u0161avaju na vi\u0161e lokacija i na neki na\u010din postaju deo urbanog sistema u kome se nalaze, a ne samo zatvorenog prostora jednog odre\u0111enog objekta.<\/p>\n\n\n\n<p>DD: <em>Tema ovogodi\u0161neg festivala DD2021 je <\/em>\u201e<em>Dru\u0161tvo i umetnost u okolnostima iznu\u0111ene normalnosti<\/em>\u201d<em>. Da li je, po Va\u0161em mi\u0161ljenju, ovakva tema adekvatna<\/em>?<\/p>\n\n\n\n<p>V\u0106: Apsolutno. Svi \u017eivimo u vremenu nove ili iznu\u0111ene normalnosti i trenutno smo u prilici da saznajemo mnogo stvari kojih nismo bili svesni vezano za svet u kom \u017eivimo. Cela situacija se preko globalnih dru\u0161tvenih tokova preliva na svakodnevicu svih nas. Umetnost treba da defini\u0161e vreme u kom je nastala i zbog toga je jedno od najadekvatnijih oru\u0111a koje treba da objasni i pru\u017ei perspektivu i razli\u010dite uglove posmatranja na novonastalu situaciju.&nbsp;<\/p>\n\n\n\n<p>DD: <em>Na koji na\u010din je pandemije uticala na Va\u0161u umetnost<\/em>?<\/p>\n\n\n\n<p>V\u0106: Mnogi planovi, kako profesionalni tako i li\u010dni su mi propali, a veoma sam im se radovao. Sa druge strane, imao sam dodatno vreme koje sam provodio u ateljeu i izveo mnogo vi\u0161e radova nego \u0161to bih bio u prilici u situaciji pre pandemije. Krajem pro\u0161le godine sam imao samostalnu izlo\u017ebu u galeriji Eugster ll Belgrade, koja je direktno referisala na posledice pandemije, tako da eto, da se pandemija nije dogodila, ta izlo\u017eba ne bi imala oblik koji je imala. Ova cela situacija me je podsetila da je jako te\u0161ko praviti dugoro\u010dne planove i da je bitnije gledati u skoriju nego u dalju budu\u0107nost.<\/p>\n","protected":false},"excerpt":{"rendered":"<p>Sagovornik Biltena DD je Vuk \u0106uk, beogradski umetnik mla\u0111e generacije, koji je studirao slikarstvo na Fakultetu primenjenih umetnosti u Beogradu i na Univerzitetu primenjenih umetnosti u Be\u010du. U svojoj umetni\u010dkoj karijeri izlagao je na preko 30 grupnih izlo\u017ebi u galerijama i muzejima u Srbiji, Italiji, Austriji, \u010ce\u0161koj, Sloveniji, Danskoj, Nema\u010dkoj, Rusiji, \u041aini i Americi. Samostalno [&hellip;]<\/p>\n","protected":false},"author":5,"featured_media":0,"comment_status":"closed","ping_status":"open","sticky":false,"template":"","format":"standard","meta":{"_et_pb_use_builder":"off","_et_pb_old_content":"","_et_gb_content_width":"","footnotes":""},"categories":[38,26],"tags":[],"class_list":["post-5063","post","type-post","status-publish","format-standard","hentry","category-festival-2021","category-newsletter"],"_links":{"self":[{"href":"http:\/\/danubeartfest.org\/srb\/wp-json\/wp\/v2\/posts\/5063","targetHints":{"allow":["GET"]}}],"collection":[{"href":"http:\/\/danubeartfest.org\/srb\/wp-json\/wp\/v2\/posts"}],"about":[{"href":"http:\/\/danubeartfest.org\/srb\/wp-json\/wp\/v2\/types\/post"}],"author":[{"embeddable":true,"href":"http:\/\/danubeartfest.org\/srb\/wp-json\/wp\/v2\/users\/5"}],"replies":[{"embeddable":true,"href":"http:\/\/danubeartfest.org\/srb\/wp-json\/wp\/v2\/comments?post=5063"}],"version-history":[{"count":0,"href":"http:\/\/danubeartfest.org\/srb\/wp-json\/wp\/v2\/posts\/5063\/revisions"}],"wp:attachment":[{"href":"http:\/\/danubeartfest.org\/srb\/wp-json\/wp\/v2\/media?parent=5063"}],"wp:term":[{"taxonomy":"category","embeddable":true,"href":"http:\/\/danubeartfest.org\/srb\/wp-json\/wp\/v2\/categories?post=5063"},{"taxonomy":"post_tag","embeddable":true,"href":"http:\/\/danubeartfest.org\/srb\/wp-json\/wp\/v2\/tags?post=5063"}],"curies":[{"name":"wp","href":"https:\/\/api.w.org\/{rel}","templated":true}]}}